{"id":105,"date":"2024-09-26T12:29:13","date_gmt":"2024-09-26T15:29:13","guid":{"rendered":"https:\/\/ucca-sanfabian.cl\/?p=105"},"modified":"2024-10-01T00:32:42","modified_gmt":"2024-10-01T03:32:42","slug":"concurso-un-poema-para-nicanor","status":"publish","type":"post","link":"https:\/\/ucca-sanfabian.cl\/index.php\/2024\/09\/26\/concurso-un-poema-para-nicanor\/","title":{"rendered":"Concurso: Un Poema para Nicanor"},"content":{"rendered":"<div class=\"wp-block-image\">\n<figure class=\"aligncenter size-full is-resized\"><img loading=\"lazy\" decoding=\"async\" width=\"400\" height=\"400\" src=\"https:\/\/ucca-sanfabian.cl\/wp-content\/uploads\/2024\/09\/WhatsApp-Image-2024-09-11-at-11.11.09.jpeg\" alt=\"\" class=\"wp-image-106\" style=\"width:344px;height:auto\" srcset=\"https:\/\/ucca-sanfabian.cl\/wp-content\/uploads\/2024\/09\/WhatsApp-Image-2024-09-11-at-11.11.09.jpeg 400w, https:\/\/ucca-sanfabian.cl\/wp-content\/uploads\/2024\/09\/WhatsApp-Image-2024-09-11-at-11.11.09-300x300.jpeg 300w, https:\/\/ucca-sanfabian.cl\/wp-content\/uploads\/2024\/09\/WhatsApp-Image-2024-09-11-at-11.11.09-150x150.jpeg 150w\" sizes=\"auto, (max-width: 400px) 100vw, 400px\" \/><\/figure>\n<\/div>\n\n\n<blockquote class=\"wp-block-quote is-layout-flow wp-block-quote-is-layout-flow\">\n<p class=\"has-text-align-center\"><strong>CON FECHA 30 DE SEPTIEMBRE SE INFORMA LA EXTENSI\u00d3N DE PLAZO PARA PRESENTAR OBRAS HASTA EL 15 DE OCTUBRE A LAS 23:59 HORAS. Y SE DEFINE LA FECHA DE PREMIACI\u00d3N PARA EL 19 Y 20 DE OCTUBRE.<\/strong>**<\/p>\n<\/blockquote>\n\n\n\n<p>La <strong>I. Municipalidad de San Fabi\u00e1n<\/strong> junto a la <strong>Uni\u00f3n Comunal de la Cultura y las Artes de San Fabi\u00e1n<\/strong> invitan a participar a ni\u00f1os, j\u00f3venes y adultos de la comuna de San Fabi\u00e1n y la regi\u00f3n de \u00d1uble en el Concurso Literario \u201cUn poema para Nicanor Parra\u201d.<\/p>\n\n\n\n<p>El concurso tiene como objetivo fomentar la lectura y el inter\u00e9s por la creaci\u00f3n po\u00e9tica en la comunidad de nuestra comuna y regi\u00f3n, pudiendo plasmar a trav\u00e9s de este g\u00e9nero literario visiones de mundo, reflexiones, sorprendimientos est\u00e9ticos, sentimientos y emociones.<\/p>\n\n\n\n<p><strong>1.- TEMA<\/strong><\/p>\n\n\n\n<p>G\u00e9nero Literario \u2013 Poes\u00eda, con tema relacionado a Nicanor Parra, San Fabi\u00e1n y\/o la regi\u00f3n de \u00d1uble. (pudiendo referirse al antipoeta y su creaci\u00f3n, tambi\u00e9n a lugares, sectores, personajes, patrimonios, memorias, an\u00e9cdotas o invenci\u00f3n pura).<\/p>\n\n\n\n<p><strong>2.- CONVOCATORIA<\/strong><\/p>\n\n\n\n<p>Se convoca a todos los habitantes de la comuna de San Fabi\u00e1n y la regi\u00f3n de \u00d1uble a participar en este concurso literario y que cumplan con las bases que regulan dicho evento.<\/p>\n\n\n\n<p><strong>3.- CATEGOR\u00cdAS DE PARTICIPACI\u00d3N<\/strong><\/p>\n\n\n\n<p>TRES CATEGOR\u00cdAS: -Categor\u00eda Infantil de 7 a 11 a\u00f1os. -Categor\u00eda Juvenil de 12 a 17 a\u00f1os. -Categor\u00eda Adulto de 18 a\u00f1os en adelante, sin l\u00edmite de edad.<\/p>\n\n\n\n<p><strong>4.- PRESENTACI\u00d3N DE LOS TRABAJOS<\/strong><\/p>\n\n\n\n<p>Los trabajos presentados deber\u00e1n ser in\u00e9ditos y firmados con seud\u00f3nimo. Los trabajos se presentar\u00e1n escritos en computador, tama\u00f1o carta, fuente Arial tama\u00f1o 12, interlineado (1,5). Las ni\u00f1as o ni\u00f1os de categor\u00eda Infantil concursar\u00e1n con una poes\u00eda que contenga m\u00ednimo 8 versos y m\u00e1ximo 16 versos. Los participantes de la categor\u00eda Juvenil y Adulta concursar\u00e1n con una poes\u00eda que contenga m\u00ednimo 16 versos. Deben enviarse al correo ucca.san.fabi\u00e1n@gmail.com con copia a cultura@sanfabian.cl , mencionando los datos personales del participante (nombre completo, seud\u00f3nimo, t\u00edtulo del poema, edad, direcci\u00f3n y tel\u00e9fono) Agregar establecimiento educacional, curso o lugar de trabajo, cuando corresponda. Se debe adjuntar al correo: &#8211; El poema que concurse, presentado en PDF, incluyendo: Seud\u00f3nimo y Categor\u00eda. &#8211; Cada autor podr\u00e1 participar s\u00f3lo con un poema, rigurosamente in\u00e9dito. (el jurado verificar\u00e1 su car\u00e1cter in\u00e9dito mediante las herramientas que proporciona la web para tal comprobaci\u00f3n)<\/p>\n\n\n\n<p><strong>5.- PLAZO DE RECEPCI\u00d3N<\/strong><\/p>\n\n\n\n<p>El plazo de recepci\u00f3n de los trabajos estar\u00e1 abierto desde el jueves 5 de septiembre (aniversario de nacimiento del poeta Nicanor Parra) y cerrar\u00e1 a las 23:59 horas del lunes 30 de septiembre.**<\/p>\n\n\n\n<p><strong>6.- JURADO<\/strong><\/p>\n\n\n\n<p>El jurado estar\u00e1 compuesto por un representante del municipio y un representante de la Uni\u00f3n Comunal de la Cultura y las Artes de San Fabi\u00e1n.<\/p>\n\n\n\n<p>Para evaluar se considerar\u00e1: &#8211; Ortograf\u00eda &#8211; Coherencia &#8211; Creatividad y Originalidad. El Jurado se reserva el derecho a declarar desierto alg\u00fan lugar en cualquiera de las categor\u00edas.<\/p>\n\n\n\n<p>El Jurado se reserva el derecho de considerar, cuando as\u00ed lo amerite, una menci\u00f3n honrosa en cada categor\u00eda.<\/p>\n\n\n\n<p><strong>7- PREMIOS<\/strong><\/p>\n\n\n\n<p><strong>Categor\u00eda Infantil<\/strong><br>Primer Premio: Giftcard librer\u00eda ($50.000) y Diploma de participaci\u00f3n.<br>Segundo Premio: Diploma de participaci\u00f3n + Regalo<br>Tercer Premio: Diploma de participaci\u00f3n + Regalo<\/p>\n\n\n\n<p><strong>Categor\u00eda Juvenil<\/strong><br>Primer Premio: Giftcard librer\u00eda ($100.000) y Diploma de participaci\u00f3n.<br>Segundo Premio: Diploma de participaci\u00f3n. + regalo<br>Tercer Premio: Diploma de participaci\u00f3n. + regalo<\/p>\n\n\n\n<p><strong>Categor\u00eda Adultos<\/strong><br>Primer Premio: $500.000 y Diploma de participaci\u00f3n.<br>Segundo Premio: $200.000 y Diploma de participaci\u00f3n.<br>Tercer Premio: $100.000 y Diploma de participaci\u00f3n.<\/p>\n\n\n\n<p>La premiaci\u00f3n considerar\u00e1 los tres primeros lugares en cada categor\u00eda.<\/p>\n\n\n\n<p>Los resultados del concurso se dar\u00e1n a conocer a trav\u00e9s de comunicados de prensa y en las redes de la Municipalidad de San Fabi\u00e1n y la UCCA. Los ganadores ser\u00e1n informados oportunamente de la fecha, hora y lugar de la ceremonia de premiaci\u00f3n.<\/p>\n\n\n\n<p><strong>8.- PROPIEDAD INTELECTUAL<\/strong><\/p>\n\n\n\n<p>El participante, por el solo hecho de participar en el concurso, deja en claro que la obra es propia y que est\u00e1 libre de derechos que puedan afectar a terceros. Para los trabajos recibidos con motivo del presente concurso, y que hayan obtenido alg\u00fan reconocimiento en las distintas categor\u00edas, la Municipalidad de San Fabi\u00e1n y la UCCA, se reservan el derecho y facultad de publicar y usar en actividades de difusi\u00f3n o cualquier tipo de publicaci\u00f3n, ya sea a trav\u00e9s de medios escritos, audiovisuales o la Web, por tiempo indefinido, respetando la propiedad intelectual del autor.<\/p>\n\n\n\n<p><strong>9.- ACEPTACI\u00d3N DE BASES<\/strong><\/p>\n\n\n\n<p>La participaci\u00f3n en el concurso lleva impl\u00edcita la aceptaci\u00f3n de las presentes Bases, siendo inapelable la decisi\u00f3n del Jurado respecto de los trabajos ganadores. San Fabi\u00e1n, septiembre de 2024.<\/p>\n\n\n\n<p><strong>Actividad parte del Plan de Fortalecimiento a Puntos de Cultura Comunitaria, 2023 \/ UCCA SAN FABI\u00c1N.<\/strong><\/p>\n\n\n\n<p><a href=\"https:\/\/drive.google.com\/file\/d\/1-FlWhMYaqYNU9S-SXzka8IoMOFj4t944\/view?usp=sharing\" data-type=\"link\" data-id=\"https:\/\/drive.google.com\/file\/d\/1-FlWhMYaqYNU9S-SXzka8IoMOFj4t944\/view?usp=sharing\">BASES <\/a><\/p>\n\n\n\n<p><\/p>\n","protected":false},"excerpt":{"rendered":"<p>CON FECHA 30 DE SEPTIEMBRE SE INFORMA LA EXTENSI\u00d3N DE PLAZO PARA PRESENTAR OBRAS HASTA EL 15 DE OCTUBRE A LAS 23:59 HORAS. Y SE DEFINE LA FECHA DE PREMIACI\u00d3N PARA EL 19 Y 20 DE OCTUBRE.** La I. Municipalidad &hellip; <a class=\"kt-excerpt-readmore more-link\" href=\"https:\/\/ucca-sanfabian.cl\/index.php\/2024\/09\/26\/concurso-un-poema-para-nicanor\/\" aria-label=\"Concurso: Un Poema para Nicanor\">Read More<\/a><\/p>\n","protected":false},"author":2,"featured_media":0,"comment_status":"closed","ping_status":"open","sticky":false,"template":"","format":"standard","meta":{"_kad_blocks_custom_css":"","_kad_blocks_head_custom_js":"","_kad_blocks_body_custom_js":"","_kad_blocks_footer_custom_js":"","kt_blocks_editor_width":"","footnotes":""},"categories":[1],"tags":[3,6,7,5,4,8],"class_list":["post-105","post","type-post","status-publish","format-standard","hentry","category-sin-categoria","tag-concurso","tag-nicanor","tag-parra","tag-poema","tag-poesia","tag-san-fabian"],"taxonomy_info":{"category":[{"value":1,"label":"Sin categor\u00eda"}],"post_tag":[{"value":3,"label":"concurso"},{"value":6,"label":"nicanor"},{"value":7,"label":"parra"},{"value":5,"label":"poema"},{"value":4,"label":"poesia"},{"value":8,"label":"san fabi\u00e1n"}]},"featured_image_src_large":false,"author_info":{"display_name":"Lorena Ledesma","author_link":"https:\/\/ucca-sanfabian.cl\/index.php\/author\/lore\/"},"comment_info":1,"category_info":[{"term_id":1,"name":"Sin categor\u00eda","slug":"sin-categoria","term_group":0,"term_taxonomy_id":1,"taxonomy":"category","description":"","parent":0,"count":2,"filter":"raw","cat_ID":1,"category_count":2,"category_description":"","cat_name":"Sin categor\u00eda","category_nicename":"sin-categoria","category_parent":0}],"tag_info":[{"term_id":3,"name":"concurso","slug":"concurso","term_group":0,"term_taxonomy_id":3,"taxonomy":"post_tag","description":"","parent":0,"count":1,"filter":"raw"},{"term_id":6,"name":"nicanor","slug":"nicanor","term_group":0,"term_taxonomy_id":6,"taxonomy":"post_tag","description":"","parent":0,"count":1,"filter":"raw"},{"term_id":7,"name":"parra","slug":"parra","term_group":0,"term_taxonomy_id":7,"taxonomy":"post_tag","description":"","parent":0,"count":1,"filter":"raw"},{"term_id":5,"name":"poema","slug":"poema","term_group":0,"term_taxonomy_id":5,"taxonomy":"post_tag","description":"","parent":0,"count":1,"filter":"raw"},{"term_id":4,"name":"poesia","slug":"poesia","term_group":0,"term_taxonomy_id":4,"taxonomy":"post_tag","description":"","parent":0,"count":1,"filter":"raw"},{"term_id":8,"name":"san fabi\u00e1n","slug":"san-fabian","term_group":0,"term_taxonomy_id":8,"taxonomy":"post_tag","description":"","parent":0,"count":1,"filter":"raw"}],"_links":{"self":[{"href":"https:\/\/ucca-sanfabian.cl\/index.php\/wp-json\/wp\/v2\/posts\/105","targetHints":{"allow":["GET"]}}],"collection":[{"href":"https:\/\/ucca-sanfabian.cl\/index.php\/wp-json\/wp\/v2\/posts"}],"about":[{"href":"https:\/\/ucca-sanfabian.cl\/index.php\/wp-json\/wp\/v2\/types\/post"}],"author":[{"embeddable":true,"href":"https:\/\/ucca-sanfabian.cl\/index.php\/wp-json\/wp\/v2\/users\/2"}],"replies":[{"embeddable":true,"href":"https:\/\/ucca-sanfabian.cl\/index.php\/wp-json\/wp\/v2\/comments?post=105"}],"version-history":[{"count":2,"href":"https:\/\/ucca-sanfabian.cl\/index.php\/wp-json\/wp\/v2\/posts\/105\/revisions"}],"predecessor-version":[{"id":110,"href":"https:\/\/ucca-sanfabian.cl\/index.php\/wp-json\/wp\/v2\/posts\/105\/revisions\/110"}],"wp:attachment":[{"href":"https:\/\/ucca-sanfabian.cl\/index.php\/wp-json\/wp\/v2\/media?parent=105"}],"wp:term":[{"taxonomy":"category","embeddable":true,"href":"https:\/\/ucca-sanfabian.cl\/index.php\/wp-json\/wp\/v2\/categories?post=105"},{"taxonomy":"post_tag","embeddable":true,"href":"https:\/\/ucca-sanfabian.cl\/index.php\/wp-json\/wp\/v2\/tags?post=105"}],"curies":[{"name":"wp","href":"https:\/\/api.w.org\/{rel}","templated":true}]}}